{"id":308,"date":"2022-10-07T18:42:07","date_gmt":"2022-10-07T18:42:07","guid":{"rendered":"https:\/\/yoga.byrein.dk\/?p=308"},"modified":"2022-10-07T18:44:27","modified_gmt":"2022-10-07T18:44:27","slug":"den-kommende-tid-hos-yogabyrein","status":"publish","type":"post","link":"https:\/\/yoga.byrein.dk\/index.php\/2022\/10\/07\/den-kommende-tid-hos-yogabyrein\/","title":{"rendered":"Den kommende tid hos YogabyRein"},"content":{"rendered":"<p><span style=\"font-family: Lato, sans-serif; font-size: 14px; font-style: normal; letter-spacing: 0px;\">K\u00e6re alle!\u00a0<\/span><\/p>\n<p>L\u00f8rdag d. 15\/10 afholder jeg mit f\u00f8rste event i Ro&#8217;s Kilde Helsecenter. Jeg vil gerne invitere dig til et <strong>roligt og blidt yogaevent<\/strong>. Gennem to timers yoga og afsp\u00e6nding arbejder vi os ind i dyb ro og balance. Vi arbejder med blid bev\u00e6gelse og dybe yogastillinger for at afsp\u00e6nde og skabe kontakt til os selv.<\/p>\n<div class=\"x11i5rnm xat24cr x1mh8g0r x1vvkbs xtlvy1s\">Vi slutter af med en <strong>dejlig lang afsp\u00e6nding<\/strong> og meditation. Jeg bruger syngesk\u00e5le og koshiklokker under afsp\u00e6ndingen, der er med til at skabe ro i dit nervesystem<br \/>\nAlle kan v\u00e6re, uanset om du har pr\u00f8vet yoga f\u00f8r eller ej.<br \/>\nDa dette er mit f\u00f8rste event er <strong>prisen kun 175,-<\/strong><\/div>\n<div><\/div>\n<div>Skriv en mail til mig, for at tilmelde dig. Max 10 pladser.<\/div>\n<div class=\"x11i5rnm xat24cr x1mh8g0r x1vvkbs xtlvy1s\">Jeg gl\u00e6der mig til at h\u00f8re fra dig og fordybe mig i hele to timers dejlig yoga!<\/div>\n<div>L\u00e6s mere her: <a href=\"https:\/\/yoga.byrein.dk\/index.php\/events\/\">Events<\/a><\/div>\n<div><\/div>\n<p>&nbsp;<\/p>\n<p>Desuden er tilmeldingen til de kommende holdforl\u00f8b allerede igang. Jeg forts\u00e6tter mine to hold fra efter\u00e5rsferien og frem til jul!<\/p>\n<p>Mandag morgen kan du g\u00e5 til <strong>morgenyoga<\/strong> fra kl. 7-8.<\/p>\n<p>Og om formiddagen kan du g\u00e5 til <strong>blid gravidyoga<\/strong> fra kl. 9-10.30.<\/p>\n<p>Jeg h\u00e5ber at se dig p\u00e5 mine hold<br \/>\nHusk jeg altid tilbyder en gratis pr\u00f8vetime!<\/p>\n<p>L\u00e6s mere her: <a href=\"https:\/\/yoga.byrein.dk\/index.php\/ugentlige-hold\/\">Ugentlige hold<\/a><\/p>\n<p>&nbsp;<\/p>\n<div><img loading=\"lazy\" decoding=\"async\" class=\"wp-image-298 alignright\" src=\"https:\/\/yoga.byrein.dk\/wp-content\/uploads\/2022\/10\/YOGA-event-Loer-d.-1510-kl.-10-12.jpg\" alt=\"\" width=\"580\" height=\"820\" srcset=\"https:\/\/yoga.byrein.dk\/wp-content\/uploads\/2022\/10\/YOGA-event-Loer-d.-1510-kl.-10-12.jpg 1414w, https:\/\/yoga.byrein.dk\/wp-content\/uploads\/2022\/10\/YOGA-event-Loer-d.-1510-kl.-10-12-212x300.jpg 212w, https:\/\/yoga.byrein.dk\/wp-content\/uploads\/2022\/10\/YOGA-event-Loer-d.-1510-kl.-10-12-724x1024.jpg 724w, https:\/\/yoga.byrein.dk\/wp-content\/uploads\/2022\/10\/YOGA-event-Loer-d.-1510-kl.-10-12-768x1086.jpg 768w, https:\/\/yoga.byrein.dk\/wp-content\/uploads\/2022\/10\/YOGA-event-Loer-d.-1510-kl.-10-12-1086x1536.jpg 1086w\" sizes=\"auto, (max-width: 580px) 100vw, 580px\" \/><\/div>\n","protected":false},"excerpt":{"rendered":"<p>K\u00e6re alle!\u00a0 L\u00f8rdag d. 15\/10 afholder jeg mit f\u00f8rste event i Ro&#8217;s Kilde Helsecenter. Jeg vil gerne invitere dig til et roligt og blidt yogaevent. Gennem to timers yoga og afsp\u00e6nding arbejder vi os ind i dyb ro og balance. Vi arbejder med blid bev\u00e6gelse og dybe yogastillinger for at afsp\u00e6nde og skabe kontakt til <a href=\"https:\/\/yoga.byrein.dk\/index.php\/2022\/10\/07\/den-kommende-tid-hos-yogabyrein\/\" class=\"read-more below\" title=\"READ MORE\">READ MORE<\/a><\/p>\n","protected":false},"author":1,"featured_media":0,"comment_status":"open","ping_status":"open","sticky":false,"template":"","format":"standard","meta":{"footnotes":""},"categories":[1],"tags":[],"class_list":["post-308","post","type-post","status-publish","format-standard","hentry","category-uncategorized"],"jetpack_featured_media_url":"","_links":{"self":[{"href":"https:\/\/yoga.byrein.dk\/index.php\/wp-json\/wp\/v2\/posts\/308","targetHints":{"allow":["GET"]}}],"collection":[{"href":"https:\/\/yoga.byrein.dk\/index.php\/wp-json\/wp\/v2\/posts"}],"about":[{"href":"https:\/\/yoga.byrein.dk\/index.php\/wp-json\/wp\/v2\/types\/post"}],"author":[{"embeddable":true,"href":"https:\/\/yoga.byrein.dk\/index.php\/wp-json\/wp\/v2\/users\/1"}],"replies":[{"embeddable":true,"href":"https:\/\/yoga.byrein.dk\/index.php\/wp-json\/wp\/v2\/comments?post=308"}],"version-history":[{"count":2,"href":"https:\/\/yoga.byrein.dk\/index.php\/wp-json\/wp\/v2\/posts\/308\/revisions"}],"predecessor-version":[{"id":313,"href":"https:\/\/yoga.byrein.dk\/index.php\/wp-json\/wp\/v2\/posts\/308\/revisions\/313"}],"wp:attachment":[{"href":"https:\/\/yoga.byrein.dk\/index.php\/wp-json\/wp\/v2\/media?parent=308"}],"wp:term":[{"taxonomy":"category","embeddable":true,"href":"https:\/\/yoga.byrein.dk\/index.php\/wp-json\/wp\/v2\/categories?post=308"},{"taxonomy":"post_tag","embeddable":true,"href":"https:\/\/yoga.byrein.dk\/index.php\/wp-json\/wp\/v2\/tags?post=308"}],"curies":[{"name":"wp","href":"https:\/\/api.w.org\/{rel}","templated":true}]}}